{"id":10005548,"global_id":"www.opinion-hub.com\/de\/?id=10005548","global_id_lineage":["www.opinion-hub.com\/de\/?id=10005548"],"author":"17","status":"publish","date":"2024-10-09 11:20:13","date_utc":"2024-10-09 09:20:13","modified":"2026-04-26 21:14:13","modified_utc":"2026-04-26 19:14:13","url":"https:\/\/www.opinion-hub.com\/de\/event\/eine-andere-karriereperspektive\/2027-02-17\/","rest_url":"https:\/\/www.opinion-hub.com\/de\/wp-json\/tribe\/events\/v1\/events\/10005548","title":"Eine andere Karriereperspektive","description":"<div class=\"wpb-content-wrapper\"><p>[vc_row css=&#8220;.vc_custom_1710049368370{padding-top: 25px !important;}&#8220;][vc_column]<div id=\"ultimate-heading-62069f1facea3100\" class=\"uvc-heading ult-adjust-bottom-margin ultimate-heading-62069f1facea3100 uvc-5564 \" data-hspacer=\"no_spacer\"  data-halign=\"left\" style=\"text-align:left\"><div class=\"uvc-heading-spacer no_spacer\" style=\"top\"><\/div><div class=\"uvc-sub-heading ult-responsive\"  data-ultimate-target='.uvc-heading.ultimate-heading-62069f1facea3100 .uvc-sub-heading '  data-responsive-json-new='{\"font-size\":\"desktop:20px;\",\"line-height\":\"desktop:32px;\"}'  style=\"font-family:&#039;Open Sans&#039;;font-weight:300;\"><strong>Fokus<\/strong>:<br \/>\nGesundheitsfachkr\u00e4fte profitieren finanziell<br \/>\n<strong>Stichw\u00f6rter<\/strong>:<br \/>\nKarriereperspektive, internationale Zusammenarbeit, F\u00e4higkeitenentwicklung, Sichtbarkeit und Anerkennung<br \/>\n<strong>\u00dcberblick<\/strong>:<br \/>\nDieses Forum untersucht neue Karrierem\u00f6glichkeiten f\u00fcr Gesundheitsfachkr\u00e4fte durch globales Networking, ohne ihren Wohnort oder ihre Heimat zu verlassen, und bietet eine verbesserte Work-Life-Balance.<\/div><\/div><div class=\"ult_exp_section_layer ult-adjust-bottom-margin  \" >\n\t\t<div id=\"uvc-exp-wrap-5203\" role=\"button\" tabindex=\"0\" aria-pressed=\"false\"  data-ultimate-target='#uvc-exp-wrap-5203'  data-responsive-json-new='{\"font-size\":\"desktop:22px;\",\"line-height\":\"desktop:30px;\"}'  class=\"ult_exp_section  ult-responsive \" style=\"color:#333333;background-color:#ffffff;font-family:Open Sans;font-weight:300;margin-top:-30px; text-align:left;\" data-textcolor=\"#333333\"data-texthover=\"#000080\"data-icncolor=\"#000080\"data-ihover=\"#000080\"data-height=\"0\"data-cntbg=\"#ffffff\"data-cnthvrbg=\"#f8f8ff\"data-headerbg=\"#ffffff\"data-headerhover=\"#f8f8ff\"data-title=\"WAS IST DAS GR\u00d6\u00dfERE BILD?\"data-newtitle=\"PERSPEKTIVEN MITGESTALTEN\"data-icon=\"Defaults-caret-right\"data-newicon=\"Defaults-check\"data-activeicon=\"#000080\"data-effect=\"slideToggle\"data-override=\"0\"data-activetitle=\"#333333\"data-activebg=\"#f8f8ff\"data-img=\"\"data-newimg=\"\"><div class=\"ult_exp_section-main ult_expleft_icon\">\t<div class=\"ult-just-icon-wrapper ult_exp_icon\">\n\t\t\t\t\t<div class=\"align-icon \">\n\t\t\t\t\t\t\n<span class=\"aio-icon  none  ult_expsection_icon \"  style=\"color:#000080;font-size:32px;\">\n\t<i class=\"Defaults-caret-right ult_ex_icon\"  ><\/i>\n<\/span>\n\t\t\t\t\t<\/div>\n\t\t\t\t<\/div>\n\t\t\t\t<div class=\"ult_expheader\" >WAS IST DAS GR\u00d6\u00dfERE BILD?\n\t\t\t\t<\/div>\n\t\t\t<\/div>\n\t\t<\/div><div class=\"ult_exp_content \" style=\"background-color:#f8f8ff;  \"><div class=\"ult_ecpsub_cont\" style=\" \" ><div id=\"ultimate-heading-152869f1facea32e1\" class=\"uvc-heading ult-adjust-bottom-margin ultimate-heading-152869f1facea32e1 uvc-9353 \" data-hspacer=\"no_spacer\"  data-halign=\"left\" style=\"text-align:left\"><div class=\"uvc-heading-spacer no_spacer\" style=\"top\"><\/div><div class=\"uvc-sub-heading ult-responsive\"  data-ultimate-target='.uvc-heading.ultimate-heading-152869f1facea32e1 .uvc-sub-heading '  data-responsive-json-new='{\"font-size\":\"desktop:20px;\",\"line-height\":\"desktop:32px;\"}'  style=\"font-family:&#039;Open Sans&#039;;font-weight:300;\"><strong>Nutzen<\/strong>:<br \/>\nZugang zu globalen Karrierem\u00f6glichkeiten und beruflichem Wachstum.<br \/>\n<strong>Themen<\/strong>:<br \/>\nEngagement in globalen Projekten f\u00fcr eine bessere Work-Life-Balance<br \/>\nNutzung internationaler Netzwerke zur F\u00e4higkeitenentwicklung und Anerkennung<br \/>\n<strong>Zweck<\/strong>:<br \/>\nNeue Karrierewege f\u00fcr Gesundheitsfachkr\u00e4fte durch globale Zusammenarbeit er\u00f6ffnen.<\/div><\/div><\/div><\/div>\n\n\t\t\t<\/div><div class=\"ult_exp_section_layer ult-adjust-bottom-margin  \" >\n\t\t<div id=\"uvc-exp-wrap-8734\" role=\"button\" tabindex=\"0\" aria-pressed=\"false\"  data-ultimate-target='#uvc-exp-wrap-8734'  data-responsive-json-new='{\"font-size\":\"desktop:22px;\",\"line-height\":\"desktop:30px;\"}'  class=\"ult_exp_section  ult-responsive \" style=\"color:#333333;background-color:#ffffff;font-family:Open Sans;font-weight:300;margin-top:-30px; text-align:left;\" data-textcolor=\"#333333\"data-texthover=\"#000080\"data-icncolor=\"#000080\"data-ihover=\"#000080\"data-height=\"0\"data-cntbg=\"#ffffff\"data-cnthvrbg=\"#f8f8ff\"data-headerbg=\"#ffffff\"data-headerhover=\"#f8f8ff\"data-title=\"WAS IST DAS ERGEBNIS?\"data-newtitle=\"NACH VORNE SCHAUEN MIT EINEM UMSETZBAREN PLAN\"data-icon=\"Defaults-caret-right\"data-newicon=\"Defaults-check\"data-activeicon=\"#000080\"data-effect=\"slideToggle\"data-override=\"0\"data-activetitle=\"#333333\"data-activebg=\"#f8f8ff\"data-img=\"\"data-newimg=\"\"><div class=\"ult_exp_section-main ult_expleft_icon\">\t<div class=\"ult-just-icon-wrapper ult_exp_icon\">\n\t\t\t\t\t<div class=\"align-icon \">\n\t\t\t\t\t\t\n<span class=\"aio-icon  none  ult_expsection_icon \"  style=\"color:#000080;font-size:32px;\">\n\t<i class=\"Defaults-caret-right ult_ex_icon\"  ><\/i>\n<\/span>\n\t\t\t\t\t<\/div>\n\t\t\t\t<\/div>\n\t\t\t\t<div class=\"ult_expheader\" >WAS IST DAS ERGEBNIS?\n\t\t\t\t<\/div>\n\t\t\t<\/div>\n\t\t<\/div><div class=\"ult_exp_content \" style=\"background-color:#f8f8ff;  \"><div class=\"ult_ecpsub_cont\" style=\" \" ><div id=\"ultimate-heading-195969f1facea33fd\" class=\"uvc-heading ult-adjust-bottom-margin ultimate-heading-195969f1facea33fd uvc-8 \" data-hspacer=\"no_spacer\"  data-halign=\"left\" style=\"text-align:left\"><div class=\"uvc-heading-spacer no_spacer\" style=\"top\"><\/div><div class=\"uvc-sub-heading ult-responsive\"  data-ultimate-target='.uvc-heading.ultimate-heading-195969f1facea33fd .uvc-sub-heading '  data-responsive-json-new='{\"font-size\":\"desktop:20px;\",\"line-height\":\"desktop:32px;\"}'  style=\"font-family:&#039;Open Sans&#039;;font-weight:300;\"><strong>Experteneinblicke<\/strong>:<br \/>\nMit transdisziplin\u00e4ren Inputs wird der Fokus der Diskussionen auf die Teilnahme an neuen Projekten gerichtet, unabh\u00e4ngig vom Standort.<br \/>\n<strong>Ergebnisse<\/strong>:<br \/>\nTeilnehmer erhalten Zusammenfassungen fr\u00fcherer Diskussionen und einen Plan f\u00fcr zuk\u00fcnftige Aktionen. Dokumente k\u00f6nnen entwickelt werden, um Karrierem\u00f6glichkeiten darzustellen.<br \/>\n<strong>Nachverfolgung<\/strong>:<br \/>\nSetzen Sie die Erkundung dieser Themen durch vorbereitende Meetings oder Ressourcen des Opinion HUB fort.<\/div><\/div><\/div><\/div>\n\n\t\t\t<\/div><div class=\"ult_exp_section_layer ult-adjust-bottom-margin  \" >\n\t\t<div id=\"uvc-exp-wrap-2720\" role=\"button\" tabindex=\"0\" aria-pressed=\"false\"  data-ultimate-target='#uvc-exp-wrap-2720'  data-responsive-json-new='{\"font-size\":\"desktop:22px;\",\"line-height\":\"desktop:30px;\"}'  class=\"ult_exp_section  ult-responsive \" style=\"color:#333333;background-color:#ffffff;font-family:Open Sans;font-weight:300;margin-top:-30px; text-align:left;\" data-textcolor=\"#333333\"data-texthover=\"#000080\"data-icncolor=\"#000080\"data-ihover=\"#000080\"data-height=\"0\"data-cntbg=\"#ffffff\"data-cnthvrbg=\"#f8f8ff\"data-headerbg=\"#ffffff\"data-headerhover=\"#f8f8ff\"data-title=\"WIE KANN MAN TEIL DES GANZEN SEIN?\"data-newtitle=\"INITIATIV WERDEN UND WEITERMACHEN\"data-icon=\"Defaults-caret-right\"data-newicon=\"Defaults-check\"data-activeicon=\"#000080\"data-effect=\"slideToggle\"data-override=\"0\"data-activetitle=\"#333333\"data-activebg=\"#f8f8ff\"data-img=\"\"data-newimg=\"\"><div class=\"ult_exp_section-main ult_expleft_icon\">\t<div class=\"ult-just-icon-wrapper ult_exp_icon\">\n\t\t\t\t\t<div class=\"align-icon \">\n\t\t\t\t\t\t\n<span class=\"aio-icon  none  ult_expsection_icon \"  style=\"color:#000080;font-size:32px;\">\n\t<i class=\"Defaults-caret-right ult_ex_icon\"  ><\/i>\n<\/span>\n\t\t\t\t\t<\/div>\n\t\t\t\t<\/div>\n\t\t\t\t<div class=\"ult_expheader\" >WIE KANN MAN TEIL DES GANZEN SEIN?\n\t\t\t\t<\/div>\n\t\t\t<\/div>\n\t\t<\/div><div class=\"ult_exp_content \" style=\"background-color:#f8f8ff;  \"><div class=\"ult_ecpsub_cont\" style=\" \" ><div id=\"ultimate-heading-180569f1facea34ef\" class=\"uvc-heading ult-adjust-bottom-margin ultimate-heading-180569f1facea34ef uvc-5816 \" data-hspacer=\"no_spacer\"  data-halign=\"left\" style=\"text-align:left\"><div class=\"uvc-heading-spacer no_spacer\" style=\"top\"><\/div><div class=\"uvc-sub-heading ult-responsive\"  data-ultimate-target='.uvc-heading.ultimate-heading-180569f1facea34ef .uvc-sub-heading '  data-responsive-json-new='{\"font-size\":\"desktop:20px;\",\"line-height\":\"desktop:32px;\"}'  style=\"font-family:&#039;Open Sans&#039;;font-weight:300;\">Sollten Sie Ihre Teilnahmeunterlagen verlegt haben, kontaktieren Sie uns bitte ( help-desk (@) opinion-hub.com ). Wir senden Ihnen dann gerne eine Kopie der Unterlagen zu!<\/div><\/div><\/div><\/div>\n\n\t\t\t<\/div>[\/vc_column][\/vc_row]<\/p>\n<\/div>","excerpt":"<p>Dieses Forum untersucht neue Karrierem\u00f6glichkeiten f\u00fcr Gesundheitsfachkr\u00e4fte durch globales Networking.<\/p>","slug":"eine-andere-karriereperspektive","image":{"url":"https:\/\/www.opinion-hub.com\/wp-content\/uploads\/2025\/02\/Forum-Healthcare-Career-1.jpg","id":13510,"extension":"jpg","width":1240,"height":700,"filesize":171682,"sizes":{"medium":{"width":300,"height":169,"mime-type":"image\/jpeg","filesize":11606,"url":"https:\/\/www.opinion-hub.com\/wp-content\/uploads\/2025\/02\/Forum-Healthcare-Career-1-300x169.jpg"},"large":{"width":1024,"height":578,"mime-type":"image\/jpeg","filesize":48763,"url":"https:\/\/www.opinion-hub.com\/wp-content\/uploads\/2025\/02\/Forum-Healthcare-Career-1-1024x578.jpg"},"thumbnail":{"width":150,"height":150,"mime-type":"image\/jpeg","filesize":6821,"url":"https:\/\/www.opinion-hub.com\/wp-content\/uploads\/2025\/02\/Forum-Healthcare-Career-1-150x150.jpg"},"medium_large":{"width":768,"height":434,"mime-type":"image\/jpeg","filesize":34842,"url":"https:\/\/www.opinion-hub.com\/wp-content\/uploads\/2025\/02\/Forum-Healthcare-Career-1-768x434.jpg"},"be_thumbnail":{"width":150,"height":150,"mime-type":"image\/jpeg","filesize":6821,"url":"https:\/\/www.opinion-hub.com\/wp-content\/uploads\/2025\/02\/Forum-Healthcare-Career-1-150x150.jpg"},"be_clients":{"width":133,"height":75,"mime-type":"image\/jpeg","filesize":4387,"url":"https:\/\/www.opinion-hub.com\/wp-content\/uploads\/2025\/02\/Forum-Healthcare-Career-1-133x75.jpg"},"portfolio-mf-w":{"width":1240,"height":500,"mime-type":"image\/jpeg","filesize":57535,"url":"https:\/\/www.opinion-hub.com\/wp-content\/uploads\/2025\/02\/Forum-Healthcare-Career-1-1240x500.jpg"},"portfolio-mf-t":{"width":768,"height":700,"mime-type":"image\/jpeg","filesize":45061,"url":"https:\/\/www.opinion-hub.com\/wp-content\/uploads\/2025\/02\/Forum-Healthcare-Career-1-768x700.jpg"},"blog-portfolio":{"width":960,"height":700,"mime-type":"image\/jpeg","filesize":56024,"url":"https:\/\/www.opinion-hub.com\/wp-content\/uploads\/2025\/02\/Forum-Healthcare-Career-1-960x700.jpg"},"blog-single":{"width":1200,"height":675,"mime-type":"image\/jpeg","filesize":57977,"url":"https:\/\/www.opinion-hub.com\/wp-content\/uploads\/2025\/02\/Forum-Healthcare-Career-1-1200x675.jpg"},"mobile-srcset":{"width":480,"height":271,"mime-type":"image\/jpeg","filesize":20189,"url":"https:\/\/www.opinion-hub.com\/wp-content\/uploads\/2025\/02\/Forum-Healthcare-Career-1-480x271.jpg"}}},"all_day":false,"start_date":"2027-02-17 11:00:00","start_date_details":{"year":"2027","month":"02","day":"17","hour":"11","minutes":"00","seconds":"00"},"end_date":"2027-02-17 13:00:00","end_date_details":{"year":"2027","month":"02","day":"17","hour":"13","minutes":"00","seconds":"00"},"utc_start_date":"2027-02-17 10:00:00","utc_start_date_details":{"year":"2027","month":"02","day":"17","hour":"10","minutes":"00","seconds":"00"},"utc_end_date":"2027-02-17 12:00:00","utc_end_date_details":{"year":"2027","month":"02","day":"17","hour":"12","minutes":"00","seconds":"00"},"timezone":"Europe\/Vienna","timezone_abbr":"CEST","cost":"Partner-Paket","cost_details":{"currency_symbol":"\u20ac","currency_code":"EUR","currency_position":"prefix","values":["partner-paket"]},"website":"","show_map":false,"show_map_link":true,"hide_from_listings":false,"sticky":true,"featured":true,"categories":[{"name":"#forum-gr\u00fcn","slug":"forum-grun","term_group":0,"term_taxonomy_id":650,"taxonomy":"tribe_events_cat","description":"","parent":0,"count":4,"filter":"raw","id":650,"urls":{"self":"https:\/\/www.opinion-hub.com\/de\/wp-json\/tribe\/events\/v1\/categories\/650","collection":"https:\/\/www.opinion-hub.com\/de\/wp-json\/tribe\/events\/v1\/categories"}}],"tags":[{"name":"# en","slug":"en-de","term_group":0,"term_taxonomy_id":739,"taxonomy":"post_tag","description":"","parent":0,"count":9,"filter":"raw","id":739,"urls":{"self":"https:\/\/www.opinion-hub.com\/de\/wp-json\/tribe\/events\/v1\/tags\/739","collection":"https:\/\/www.opinion-hub.com\/de\/wp-json\/tribe\/events\/v1\/tags"}},{"name":"#mediziner","slug":"mediziner","term_group":0,"term_taxonomy_id":742,"taxonomy":"post_tag","description":"","parent":0,"count":6,"filter":"raw","id":742,"urls":{"self":"https:\/\/www.opinion-hub.com\/de\/wp-json\/tribe\/events\/v1\/tags\/742","collection":"https:\/\/www.opinion-hub.com\/de\/wp-json\/tribe\/events\/v1\/tags"}},{"name":"geschlossen\/intern","slug":"geschlossen-intern","term_group":0,"term_taxonomy_id":760,"taxonomy":"post_tag","description":"","parent":0,"count":25,"filter":"raw","id":760,"urls":{"self":"https:\/\/www.opinion-hub.com\/de\/wp-json\/tribe\/events\/v1\/tags\/760","collection":"https:\/\/www.opinion-hub.com\/de\/wp-json\/tribe\/events\/v1\/tags"}}],"venue":{"id":8013,"author":"17","status":"publish","date":"2024-02-07 16:18:41","date_utc":"2024-02-07 15:18:41","modified":"2025-05-17 07:22:44","modified_utc":"2025-05-17 05:22:44","url":"https:\/\/www.opinion-hub.com\/de\/venue\/collection-business-center\/","venue":"Collection Business Center","description":"<div class=\"wpb-content-wrapper\"><p>[vc_row][vc_column][vc_separator color=&#8220;custom&#8220; style=&#8220;shadow&#8220; border_width=&#8220;3&#8243; accent_color=&#8220;#000080&#8243;][vc_column_text]<\/p>\n<h3>\n            <em>Wiener Goldenes Quartier<\/em><br \/>\n          <\/h3>\n<p>[\/vc_column_text][vc_column_text]Stillvol, mit typischem Wiener Flair und prachtvoll pr\u00e4sentiert sich das Business Center mit zeitgem\u00e4ser Architektur im Herzen der Stadt. Das denkmalgesch\u00fctzte Ambiente ist umgeben von exklusiven Luxuslabels und feinsten Restaurants.[\/vc_column_text][vc_single_image image=&#8220;7819&#8243; img_size=&#8220;full&#8220; alignment=&#8220;center&#8220; onclick=&#8220;custom_link&#8220; img_link_target=&#8220;_blank&#8220; link=&#8220;https:\/\/www.ubc-collection.com&#8220;][\/vc_column][\/vc_row]<\/p>\n<\/div>","slug":"collection-business-center","address":"Tuchlauben 7a","city":"Wien","country":"\u00d6sterreich","zip":"1010","website":"https:\/\/www.ubc-collection.com","json_ld":{"@type":"Place","name":"Collection Business Center","description":"&lt;p&gt;Wiener Goldenes Quartier Stillvol, mit typischem Wiener Flair und prachtvoll pr\u00e4sentiert sich das Business Center mit zeitgem\u00e4ser Architektur im Herzen der Stadt. Das denkmalgesch\u00fctzte Ambiente ist&lt;span class=&quot;excerpt-hellip&quot;&gt; [\u2026]&lt;\/span&gt;&lt;\/p&gt;\\n","url":"https:\/\/www.opinion-hub.com\/de\/venue\/collection-business-center\/","address":{"@type":"PostalAddress","streetAddress":"Tuchlauben 7a","addressLocality":"Wien","postalCode":"1010","addressCountry":"\u00d6sterreich"},"telephone":"","sameAs":"https:\/\/www.ubc-collection.com"},"show_map":false,"show_map_link":true,"global_id":"www.opinion-hub.com\/de\/?id=8013","global_id_lineage":["www.opinion-hub.com\/de\/?id=8013"]},"organizer":[{"id":8045,"author":"17","status":"publish","date":"2024-02-07 16:55:50","date_utc":"2024-02-07 15:55:50","modified":"2025-07-22 23:28:16","modified_utc":"2025-07-22 21:28:16","url":"https:\/\/www.opinion-hub.com\/de\/veranstalter\/privatinstitut-fuer-gesundheitsverwaltung\/","organizer":"Privatinstitut f\u00fcr Gesundheitsverwaltung","description":"<div class=\"wpb-content-wrapper\"><p>[vc_row][vc_column][vc_column_text]<\/p>\n<h1>Gesundheit und <strong>\u00c4lterwerden Navigieren<\/strong><\/h1>\n<p>[\/vc_column_text][vc_column_text]<\/p>\n<h4><em>Dienstleistungen f\u00fcr moderne Familien, die aus beruflichen Gr\u00fcnden getrennt leben. Auseinandersetzung mit Situationen, in denen Krankheit oder Alter die zeitliche und finanzielle Ressourcennutzung erheblich beeinflussen und\/oder Ersch\u00f6pfung droht.<\/em><\/h4>\n<p>[\/vc_column_text][vc_column_text]<span style=\"color: #000000;\">Das Institut <em><strong>vertritt die Interessen der Familie<\/strong><\/em> in Situationen, die zu Hause und am Arbeitsplatz durch Krankheit und Alter auftreten.<\/span><\/p>\n<ul>\n<li><span style=\"color: #000000;\">Das Institut unterst\u00fctzt eine effektive Kommunikation innerhalb der Familie und \u00fcbernimmt die Kommunikation zwischen Familie und Institutionen!<\/span><\/li>\n<li><span style=\"color: #000000;\">Im Institut k\u00f6nnen Sie anonym Meinungen und Vorschl\u00e4ge einholen, unabh\u00e4ngig davon, wo Sie wohnen und ob Sie Fremdsprachenkenntnisse haben!<\/span><\/li>\n<\/ul>\n<p><span style=\"color: #000000;\">Die zweite Spezialit\u00e4t des Instituts ist <em><strong>die Mitwirkung an den Prozessen der Planung<\/strong><\/em> eines aktiven Lebens sowie der Schutz und die Kapitalisierung erworbener Werte.<\/span>[\/vc_column_text][\/vc_column][\/vc_row]<\/p>\n<\/div>","slug":"privatinstitut-fuer-gesundheitsverwaltung","website":"https:\/\/www.gesundheitsverwaltung.at\/de","json_ld":{"@type":"Person","name":"Privatinstitut f\u00fcr Gesundheitsverwaltung","description":"&lt;p&gt;Gesundheit und \u00c4lterwerden Navigieren Dienstleistungen f\u00fcr moderne Familien, die aus beruflichen Gr\u00fcnden getrennt leben. Auseinandersetzung mit Situationen, in denen Krankheit oder Alter die zeitliche und finanzielle&lt;span class=&quot;excerpt-hellip&quot;&gt; [\u2026]&lt;\/span&gt;&lt;\/p&gt;\\n","url":"https:\/\/www.gesundheitsverwaltung.at\/de","telephone":"","email":"","sameAs":"https:\/\/www.gesundheitsverwaltung.at\/de"},"global_id":"www.opinion-hub.com\/de\/?id=8045","global_id_lineage":["www.opinion-hub.com\/de\/?id=8045"]}],"custom_fields":[],"json_ld":{"@context":"http:\/\/schema.org","@type":"Event","name":"Eine andere Karriereperspektive","description":"&lt;p&gt;Dieses Forum untersucht neue Karrierem\u00f6glichkeiten f\u00fcr Gesundheitsfachkr\u00e4fte durch globales Networking.&lt;\/p&gt;\\n","image":"https:\/\/www.opinion-hub.com\/wp-content\/uploads\/2025\/02\/Forum-Healthcare-Career-1.jpg","url":"https:\/\/www.opinion-hub.com\/de\/event\/eine-andere-karriereperspektive\/2027-02-17\/","eventAttendanceMode":"https:\/\/schema.org\/OfflineEventAttendanceMode","eventStatus":"https:\/\/schema.org\/EventScheduled","startDate":"2027-02-17T11:00:00+01:00","endDate":"2027-02-17T13:00:00+01:00","location":{"@type":"Place","name":"Collection Business Center","description":"&lt;p&gt;Wiener Goldenes Quartier Stillvol, mit typischem Wiener Flair und prachtvoll pr\u00e4sentiert sich das Business Center mit zeitgem\u00e4ser Architektur im Herzen der Stadt. Das denkmalgesch\u00fctzte Ambiente ist&lt;span class=&quot;excerpt-hellip&quot;&gt; [\u2026]&lt;\/span&gt;&lt;\/p&gt;\\n","url":"https:\/\/www.opinion-hub.com\/de\/venue\/collection-business-center\/","address":{"@type":"PostalAddress","streetAddress":"Tuchlauben 7a","addressLocality":"Wien","postalCode":"1010","addressCountry":"\u00d6sterreich"},"telephone":"","sameAs":"https:\/\/www.ubc-collection.com"},"organizer":{"@type":"Person","name":"Privatinstitut f\u00fcr Gesundheitsverwaltung","description":"&lt;p&gt;Gesundheit und \u00c4lterwerden Navigieren Dienstleistungen f\u00fcr moderne Familien, die aus beruflichen Gr\u00fcnden getrennt leben. Auseinandersetzung mit Situationen, in denen Krankheit oder Alter die zeitliche und finanzielle&lt;span class=&quot;excerpt-hellip&quot;&gt; [\u2026]&lt;\/span&gt;&lt;\/p&gt;\\n","url":"https:\/\/www.gesundheitsverwaltung.at\/de","telephone":"","email":"","sameAs":"https:\/\/www.gesundheitsverwaltung.at\/de"},"offers":{"@type":"Offer","price":"Partner-Paket","priceCurrency":"EUR","url":"https:\/\/www.opinion-hub.com\/de\/event\/eine-andere-karriereperspektive\/2027-02-17\/","category":"primary","availability":"inStock","validFrom":"1970-01-01T00:00:00+00:00"},"performer":"Organization"},"event_bgcolor":"","event_text_color":"","is_virtual":false,"virtual_url":null,"virtual_video_source":""}